{"id":9335,"date":"2012-01-22T18:14:48","date_gmt":"2012-01-22T17:14:48","guid":{"rendered":"http:\/\/www.burpenterprise.com\/burp\/?p=9335"},"modified":"2012-02-14T02:35:45","modified_gmt":"2012-02-14T01:35:45","slug":"mat-pogo-and-nighthawk-kitchen-at-rue-du-nord","status":"publish","type":"post","link":"https:\/\/www.burpenterprise.com\/burp\/2012\/01\/22\/mat-pogo-and-nighthawk-kitchen-at-rue-du-nord\/","title":{"rendered":"MAT POGO AND NIGHTHAWK KITCHEN AT RUE DU NORD"},"content":{"rendered":"<p><strong><a href=\"https:\/\/www.burpenterprise.com\/burp\/system-files\/units\/mat-pogo\/\">Mat Pogo<\/a><\/strong> will perform a solo act Friday <strong>February 10th<\/strong> and together with <strong><a href=\"http:\/\/www.zangimusic.de\/\">Ignaz Schick<\/a><\/strong> as <strong><a href=\"https:\/\/www.burpenterprise.com\/burp\/2012\/01\/11\/the-heat-of-the-night-nighthawk-kitchen-cool-quartett\/\">Nighthawk Kitchen<\/a><\/strong> on Saturday the<strong> 11th<\/strong> at<strong><a href=\"http:\/\/www.ruedunord.org\/\"> Rue du Nord<\/a><\/strong> Festival in\u00a0Lausanne.<\/p>\n<p style=\"text-align: center;\"><strong><img loading=\"lazy\" decoding=\"async\" class=\"aligncenter\" src=\"http:\/\/www.swissdesignawards.ch\/php\/modules\/mediamanager\/sendobject.php?lang=en&amp;image=NHzLpZeg7t,lnJ6IzdeIp96km56VlWRpnJxOqdayXbGH3YuqtJ_epJ,NZrdohr2llq2M0NKVpeg-&amp;.jpg\" alt=\"\" width=\"472\" height=\"668\" \/><\/strong><\/p>\n<p style=\"text-align: left;\"><strong><br \/>\n<\/strong><\/p>\n<p><strong>9\u00e8me \u00e9dition du<br \/>\nFESTIVAL <a href=\"http:\/\/www.ruedunord.org\/index.php?rub=2\">RUE DU NORD<\/a><\/strong><\/p>\n<p>Musiques improvis\u00e9es et exp\u00e9rimentales<br \/>\ndu mercredi 8 au samedi 11 f\u00e9vrier 2012<br \/>\nTh\u00e9\u00e2tre 2.21, Lausanne<\/p>\n<p>Cette 9\u00e8me \u00e9dition du festival des recal\u00e9\u00b7e\u00b7s \u00e0 la cat\u00e9gorisation musicale a \u00e9t\u00e9 con\u00e7ue, encore davantage que les ann\u00e9es pr\u00e9c\u00e9dentes, comme un espace de rencontres. Du mercredi au samedi, des musicien\u00b7ne\u00b7s, performeurs\u00b7euses, disquaires et libraires de la n\u00e9buleuse de l&#8217;art sonore envahiront le th\u00e9\u00e2tre 2.21, g\u00e9n\u00e9ralement pour des soir\u00e9es, parfois l\u2019apr\u00e8s-midi. Certain\u00b7e\u00b7s resteront m\u00eame durant toute la semaine, parfois dans le m\u00eame r\u00f4le, parfois en changeant de costume.<\/p>\n<h3>Concerts<\/h3>\n<ul>\n<li><a href=\"http:\/\/www.ruedunord.org\/festival\/index.php#trophies\">Trophies<\/a><\/li>\n<li><a href=\"http:\/\/www.ruedunord.org\/festival\/index.php#rivas\">Juanjos\u00e9 Rivas<\/a><\/li>\n<li><a href=\"http:\/\/www.ruedunord.org\/festival\/index.php#streif\">Streifenjunko<\/a><\/li>\n<li><a href=\"http:\/\/www.ruedunord.org\/festival\/index.php#atomic\">Atomic Paracelze<\/a><\/li>\n<li><a href=\"http:\/\/www.ruedunord.org\/festival\/index.php#soli\">Soir\u00e9e Soli<\/a><\/li>\n<li><a href=\"http:\/\/www.ruedunord.org\/festival\/index.php#duo1\">Allbee-Barman<\/a><\/li>\n<li><a href=\"http:\/\/www.ruedunord.org\/festival\/index.php#duo2\">Rivas-Tara<\/a><\/li>\n<li><a href=\"http:\/\/www.ruedunord.org\/festival\/index.php#duo3\">Pogo-Schick Duo<\/a><\/li>\n<li><a href=\"http:\/\/www.ruedunord.org\/festival\/index.php#praed\">Praed<\/a><\/li>\n<li><a href=\"http:\/\/www.ruedunord.org\/festival\/index.php#raed\">Raed Dj<\/a><\/li>\n<\/ul>\n<h3>Performances, installations, pr\u00e9sences<\/h3>\n<ul>\n<li><a href=\"http:\/\/www.ruedunord.org\/festival\/index.php#guignol\">Librairie Grand-Guignol<\/a><\/li>\n<li><a href=\"http:\/\/www.ruedunord.org\/festival\/index.php#insub\">Insubordinations Netlabel<\/a><\/li>\n<li><a href=\"http:\/\/www.ruedunord.org\/festival\/index.php#stillepost\">Stille Post<\/a><\/li>\n<li><a href=\"http:\/\/www.ruedunord.org\/festival\/index.php#rats\">Collectif RATS<\/a><\/li>\n<\/ul>\n<hr \/>\n<p><img loading=\"lazy\" decoding=\"async\" class=\"alignnone\" src=\"https:\/\/fbcdn-sphotos-a.akamaihd.net\/hphotos-ak-ash4\/422708_10150541648163246_742813245_9279794_407853146_n.jpg\" alt=\"\" width=\"558\" height=\"824\" \/><\/p>\n<h3>Rue du Nord accueille pendant toute la dur\u00e9e du festival d\u00e8s 20h :<\/h3>\n<h2 id=\"guignol\"><a href=\"http:\/\/librairie-grandguignol.blogspot.com\/\" target=\"_blank\">Librairie Grand Guignol<\/a><\/h2>\n<p>Cette librairie lyonnaise atypique propose SF et po\u00e9sie, litt\u00e9rature am\u00e9ricaine et europ\u00e9enne, revues et vinyles, cin\u00e9 bis, bd ind\u00e9pendante, un stock iconoclaste de livres et de disques, d\u2019occasions introuvables et de nouveaut\u00e9s impr\u00e9visibles.<\/p>\n<h2 id=\"insub\"><a href=\"http:\/\/www.insubordinations.net\/\" target=\"_blank\">Insubordinations Netlabel<\/a><\/h2>\n<p>Insubordinations est un netlabel essentiel \u00e0 la musique improvis\u00e9e romande et au-del\u00e0, par ses nombreuses productions disponibles sous forme de CDs de facture artisanale, inventive et soign\u00e9e. D\u00e9fenseur des licences ouvertes, et mettant donc son catalogue \u00e0 disposition pour le t\u00e9l\u00e9chargement, mais aussi plateforme pour des projets comme un festival nomade ou un orchestre g\u00e9ant et ouvert, Insubordinations est embl\u00e9matique d&#8217;une certaine sc\u00e8ne d&#8217;aujourd&#8217;hui.<\/p>\n<h2 id=\"stillepost\"><a href=\"http:\/\/www.melgun.net\/\" target=\"_blank\">Stille Post<\/a><\/h2>\n<p>Installation d&#8217;Alessandro Bosetti<\/p>\n<p>Huit pi\u00e8ces radiophoniques \u00e0 \u00e9couter individuellement, par Alessandro Bosetti, musicien fascin\u00e9 par les langages, les malentendus, les traductions.<\/p>\n<h2 id=\"rats\"><a href=\"http:\/\/wearetherats.tumblr.com\/\" target=\"_blank\">Collectif RATS<\/a><\/h2>\n<p><img decoding=\"async\" src=\"http:\/\/www.ruedunord.org\/festival\/festival_12\/rats.jpg\" alt=\"Rats\" \/><\/p>\n<p>Tous les soirs, d\u00e8s 20h30, les membres du collectif d\u2019artistes veveysans vont rev\u00eatir leurs costumes de Monsieur Loyal pour inaugurer et accompagner les concerts.<\/p>\n<h3>Mercredi 8 f\u00e9vrier<\/h3>\n<h2 id=\"trophies\">21h\u00a0<a href=\"http:\/\/www.melgun.net\/\" target=\"_blank\">Trophies<\/a><\/h2>\n<p>Alessandro Bosetti\u00a0: voix, \u00e9lectronique, composition texte et son<br \/>\nKenta Nagai\u00a0: guitare fretless<br \/>\nTony Buck\u00a0: batterie<br \/>\n<img decoding=\"async\" src=\"http:\/\/www.ruedunord.org\/festival\/festival_12\/trophies.jpg\" alt=\"Trophies\" \/><\/p>\n<p>La voix \u2013 ou plut\u00f4t une multitude de voix chant\u00e9es ou parl\u00e9es \u2013 est au centre du projet Trophies. En faisant usage de longues boucles r\u00e9p\u00e9titives o\u00f9 le texte vient se fondre dans l&#8217;\u00e9lectronique et les instruments, Trophies propose une musique de transe puissante.<\/p>\n<hr \/>\n<p>&nbsp;<\/p>\n<h3>Jeudi 9 f\u00e9vrier<\/h3>\n<h2 id=\"rivas\">21h\u00a0<a href=\"http:\/\/www.juanjoserivas.info\/\" target=\"_blank\">Juanjos\u00e9 Rivas<\/a><\/h2>\n<p>circuit-bending, vid\u00e9o<br \/>\n<img decoding=\"async\" src=\"http:\/\/www.ruedunord.org\/festival\/festival_12\/rivas.jpg\" alt=\"Juanjos\u00e9 Rivas\" \/><\/p>\n<p>Cet artiste mexicain d\u00e9tourne des objets m\u00e9nagers et des jouets pour les int\u00e9grer \u00e0 son dispositif sonore. Lors de ses performances en solo, il donne \u00e0 la vid\u00e9o et \u00e0 son interaction avec la musique un r\u00f4le \u00e0 part enti\u00e8re.<\/p>\n<h2 id=\"streif\">22h\u00a0<a href=\"http:\/\/www.streifenjunko.no\/site\/\" target=\"_blank\">Streifenjunko<\/a><\/h2>\n<p>Eivind L\u00f8nning\u00a0: trompette<br \/>\nEspen Reinertsen\u00a0: saxophone<br \/>\n<img decoding=\"async\" src=\"http:\/\/www.ruedunord.org\/festival\/festival_12\/eivind.jpg\" alt=\"Eivind Lonning\" \/> <img decoding=\"async\" src=\"http:\/\/www.ruedunord.org\/festival\/festival_12\/espen.jpg\" alt=\"Espen Reinertsen\" \/><\/p>\n<p>Ce duo d&#8217;Oslo propose une musique vigoureuse dans laquelle les modes de jeu inhabituels des instruments inventent un large espace sonore entour\u00e9 de vide.<\/p>\n<h2 id=\"atomic\">23h\u00a0<a href=\"http:\/\/atomicparacelze.bandcamp.com\/\" target=\"_blank\">Atomic Paracelze<\/a><\/h2>\n<p>Antoine L\u00e4ng : voix, \u00e9lectronique lo-fi<br \/>\nJamasp Jhabvala : violon<br \/>\nJean-Fran\u00e7ois Gandolfo : fender rhodes<br \/>\nAlexis Hanhart : basse<br \/>\nDominic Frey\u00a0: batterie<br \/>\n<img decoding=\"async\" src=\"http:\/\/www.ruedunord.org\/festival\/festival_12\/atomic.jpg\" alt=\"Atomic Paracelze\" \/><\/p>\n<p>Bien ancr\u00e9 dans la mare du rock, ce collectif romand a aussi des ailes pour s&#8217;envoler avec fracas vers des compositions fr\u00e9n\u00e9tiques. Les chansons s&#8217;\u00e9vadent et deviennent terrains de jeux pour des instrumentations puissantes.<\/p>\n<hr \/>\n<p><span style=\"font-size: 15px; font-weight: bold;\">Vendredi 10 f\u00e9vrier<\/span><\/p>\n<h2 id=\"soli\">21h Soir\u00e9e soli<\/h2>\n<p><a href=\"http:\/\/www.lizallbee.net\/\" target=\"_blank\">Liz Allbee<\/a> trompette<br \/>\n<a href=\"http:\/\/www.1001nuit.ch\/wandaobertova.htm\" target=\"_blank\">Wanda Obertova<\/a> voix<br \/>\n<a href=\"http:\/\/www.jazzphone.ch\/homepages\/koch%20hans\/hans_koch.htm\" target=\"_blank\">Hans Koch<\/a> clarinette basse<br \/>\n<a href=\"http:\/\/www.christiankobi.ch\/\" target=\"_blank\">Christian Kobi<\/a> saxophone soprano<br \/>\n<a href=\"http:\/\/www.costamonteiro.net\/\" target=\"_blank\">Alfredo Costa Monteiro<\/a> papier<br \/>\n<a href=\"http:\/\/www.creativesourcesrec.com\/artists\/m_forge.html\" target=\"_blank\">Mathias Forge<\/a>: trombone<br \/>\n<a href=\"https:\/\/www.burpenterprise.com\/burp\/system-files\/units\/mat-pogo\/\" target=\"_blank\">Mat Pogo<\/a>: voix, \u00e9lectronique<br \/>\n<a href=\"http:\/\/www.vincent-de-roguin.ch\/\" target=\"_blank\">Vincent de Roguin<\/a>: dispositif \u00e9lectronique<\/p>\n<p>R\u00e9unis par Rue du Nord pour l&#8217;occasion, ces huit solistes ont carte blanche pour se partager l&#8217;espace du th\u00e9\u00e2tre 2.21 le temps d&#8217;une soir\u00e9e.<\/p>\n<hr \/>\n<p><span style=\"font-size: 15px; font-weight: bold;\">Samedi 11 f\u00e9vrier<\/span><\/p>\n<h3>16h Duos<\/h3>\n<p>Rue du nord se propose pour la troisi\u00e8me ann\u00e9e d\u2019affil\u00e9e de provoquer deux rencontres in\u00e9dites, en invitant \u00e0 jouer en duo un ou une musicien\u00b7ne \u00ab\u00a0du cru\u00a0\u00bb \u2013 habitant dans la r\u00e9gion ou s&#8217;y produisant r\u00e9guli\u00e8rement \u2013 et un ou une musicien\u00b7ne d\u2019ailleurs, d\u2019outre-Sarine ou m\u00eame, parfois, de bien plus loin.<\/p>\n<h2 id=\"duo1\">Allbee-Barman<\/h2>\n<p><a href=\"http:\/\/www.lizallbee.net\/\" target=\"_blank\">Liz Allbee<\/a>: trompette<br \/>\n<a href=\"http:\/\/www.myspace.com\/yannickbarman\" target=\"_blank\">Yannick Barman<\/a>: trompette, \u00e9lectronique<br \/>\n<img decoding=\"async\" src=\"http:\/\/www.ruedunord.org\/festival\/festival_12\/allbee.jpg\" alt=\"Liz Allbee\" \/> <img decoding=\"async\" src=\"http:\/\/www.ruedunord.org\/festival\/festival_12\/barman.jpg\" alt=\"Yannick Barman\" \/><\/p>\n<p>Lors de ce concert, l\u2019am\u00e9ricaine d\u00e9jant\u00e9e et le prot\u00e9iforme valaisan nous feront appr\u00e9cier deux approches diff\u00e9rentes de la trompette et de sa mise en relation avec l\u2019\u00e9lectronique.<\/p>\n<h2 id=\"duo2\">Rivas-Tara<\/h2>\n<p><a href=\"http:\/\/dragostara.blogspot.com\/\" target=\"_blank\">Dragos Tara<\/a>: contrebasse, \u00e9lectronique<br \/>\n<a href=\"http:\/\/www.juanjoserivas.info\/\" target=\"_blank\">Juanjos\u00e9 Rivas<\/a>: circuit-bending, vid\u00e9o<br \/>\n<img decoding=\"async\" src=\"http:\/\/www.ruedunord.org\/festival\/festival_12\/tara.jpg\" alt=\"Dragos Tara\" \/> <img decoding=\"async\" src=\"http:\/\/www.ruedunord.org\/festival\/festival_12\/rivas2.jpg\" alt=\"Juanjos\u00e9 Rivas\" \/><\/p>\n<p>Le suisse Dragos Tara et le mexicain Juanjos\u00e9 Rivas n\u2019ont eu de cesse d\u2019assister aux concerts l\u2019un de l\u2019autre en 2010 lors du festival High Zero \u00e0 Baltimore. Ils se sont plu et ont eu envie de jouer ensemble. Le Festival Rue du Nord leur en offre cette ann\u00e9e l\u2019occasion.<\/p>\n<h2 id=\"duo3\">21h Pogo-Schick duo<\/h2>\n<p><a href=\"http:\/\/zangimusic.de\/\" target=\"_blank\">Ignaz Schick<\/a>: platines, moteurs, objets<br \/>\n<a href=\"https:\/\/www.burpenterprise.com\/burp\/system-files\/units\/mat-pogo\/\" target=\"_blank\">Mat Pogo<\/a>: voix, lecteur cd<br \/>\n<img decoding=\"async\" src=\"http:\/\/www.ruedunord.org\/festival\/festival_12\/schick.jpg\" alt=\"Ignaz Schick\" \/> <img decoding=\"async\" src=\"http:\/\/www.ruedunord.org\/festival\/festival_12\/pogo.jpg\" alt=\"Mat Pogo\" \/><\/p>\n<p>Usant de sa voix et de platines cd, Mat Pogo encha\u00eene fr\u00e9n\u00e9tiquement et superpose non sans humour des enregistrements, des bruits de bouche, des cris et des amorces de discours. Partageant lui aussi ce penchant pour le fragment et le collage, Ignaz Schick le rejoint avec ses \u00ab\u00a0surfaces rotatives\u00a0\u00bb\u00a0: il joue de diff\u00e9rents objets et mati\u00e8res, les faisant tourner sur le plateau d\u2019un tourne-disque et les amplifiant avec un petit microphone \u00e0 condensateur.<\/p>\n<h2 id=\"praed\">23h\u00a0<a href=\"http:\/\/paed.ch\/praed\" target=\"_blank\">Praed<\/a><\/h2>\n<p>Paed Conca\u00a0: basse \u00e9lectrique, clarinette, \u00e9lectronique<br \/>\nRaed Yassin\u00a0: contrebasse, cassettes, \u00e9lectronique et vid\u00e9o<br \/>\n<img decoding=\"async\" src=\"http:\/\/www.ruedunord.org\/festival\/festival_12\/paed.jpg\" alt=\"Paed Conca\" \/> <img decoding=\"async\" src=\"http:\/\/www.ruedunord.org\/festival\/festival_12\/yassin.jpg\" alt=\"Raed Yassin\" \/><\/p>\n<p>Collaborant ensemble jusqu&#8217;\u00e0 fondre leurs noms, ce duo bas\u00e9 \u00e0 Beirut voit les r\u00f4les de chacun changer en permanence. Le zapping entre les instruments entra\u00eene dans son mouvement les sons et images constamment r\u00e9invent\u00e9s.<\/p>\n<h2 id=\"raed\">00h\u00a0<a href=\"http:\/\/www.myspace.com\/raedyassin\" target=\"_blank\">Raed DJ<\/a><\/h2>\n<p>Dans le prolongement du duo Praed, la partie de danse finale est plac\u00e9e sous le signe de l&#8217;underground libanais et de quelques perles du rock du Moyen-Orient.<\/p>\n<hr \/>\n<p><a href=\"http:\/\/www.theatre221.ch\/\" target=\"_blank\">Th\u00e9\u00e2tre 2.21<\/a>, rue de l\u2019Industrie 10, Lausanne<br \/>\nEntr\u00e9e : 20.-\/15.-<br \/>\nSamedi apr\u00e8s-midi + soir : 35.-\/25.-<br \/>\nAbonnement : 60.-\/50.-<br \/>\nR\u00e9servation\u00a0: 021 311 65 14 ou sur le site du\u00a0<a href=\"http:\/\/www.theatre221.ch\/\" target=\"_blank\">Th\u00e9\u00e2tre 2.21<\/a><\/p>\n<p>Avec le soutien de : la ville de Lausanne, l&#8217;Etat de Vaud, la Loterie romande, Pro Helvetia, Espace2<\/p>\n<p>&nbsp;<\/p>\n<p>&nbsp;<\/p>\n","protected":false},"excerpt":{"rendered":"<p>Mat Pogo will perform a solo act Friday February 10th and together with Ignaz Schick as Nighthawk Kitchen on Saturday the 11th at Rue du Nord Festival in\u00a0Lausanne. 9\u00e8me \u00e9dition du FESTIVAL RUE DU NORD Musiques improvis\u00e9es et exp\u00e9rimentales du mercredi 8 au samedi 11 f\u00e9vrier 2012 Th\u00e9\u00e2tre 2.21, Lausanne Cette 9\u00e8me \u00e9dition du festival [&hellip;]<\/p>\n","protected":false},"author":4,"featured_media":0,"comment_status":"open","ping_status":"open","sticky":false,"template":"","format":"standard","meta":{"footnotes":""},"categories":[5,38,43],"tags":[78,1063,745],"_links":{"self":[{"href":"https:\/\/www.burpenterprise.com\/burp\/wp-json\/wp\/v2\/posts\/9335"}],"collection":[{"href":"https:\/\/www.burpenterprise.com\/burp\/wp-json\/wp\/v2\/posts"}],"about":[{"href":"https:\/\/www.burpenterprise.com\/burp\/wp-json\/wp\/v2\/types\/post"}],"author":[{"embeddable":true,"href":"https:\/\/www.burpenterprise.com\/burp\/wp-json\/wp\/v2\/users\/4"}],"replies":[{"embeddable":true,"href":"https:\/\/www.burpenterprise.com\/burp\/wp-json\/wp\/v2\/comments?post=9335"}],"version-history":[{"count":14,"href":"https:\/\/www.burpenterprise.com\/burp\/wp-json\/wp\/v2\/posts\/9335\/revisions"}],"predecessor-version":[{"id":9598,"href":"https:\/\/www.burpenterprise.com\/burp\/wp-json\/wp\/v2\/posts\/9335\/revisions\/9598"}],"wp:attachment":[{"href":"https:\/\/www.burpenterprise.com\/burp\/wp-json\/wp\/v2\/media?parent=9335"}],"wp:term":[{"taxonomy":"category","embeddable":true,"href":"https:\/\/www.burpenterprise.com\/burp\/wp-json\/wp\/v2\/categories?post=9335"},{"taxonomy":"post_tag","embeddable":true,"href":"https:\/\/www.burpenterprise.com\/burp\/wp-json\/wp\/v2\/tags?post=9335"}],"curies":[{"name":"wp","href":"https:\/\/api.w.org\/{rel}","templated":true}]}}