{"id":7864,"date":"2011-09-02T14:36:15","date_gmt":"2011-09-02T13:36:15","guid":{"rendered":"http:\/\/www.burpenterprise.com\/burp\/?p=7864"},"modified":"2011-09-02T14:36:15","modified_gmt":"2011-09-02T13:36:15","slug":"pogo-schick-in-dampfzentrale-bern-23-sept","status":"publish","type":"post","link":"https:\/\/www.burpenterprise.com\/burp\/2011\/09\/02\/pogo-schick-in-dampfzentrale-bern-23-sept\/","title":{"rendered":"POGO \/ SCHICK IN DAMPFZENTRALE &#8211; BERN 2\/3 SEPT"},"content":{"rendered":"<h3><img loading=\"lazy\" decoding=\"async\" class=\"alignnone\" src=\"http:\/\/2.bp.blogspot.com\/-TOP-YoX0LLA\/TeVyMw3PhsI\/AAAAAAAAASU\/ZyhjzsgYIk8\/s1600\/mat_pogo_ignaz_schick.jpg\" alt=\"\" width=\"558\" height=\"415\" \/><\/h3>\n<h3>Fr, 2. September 2011, 23:00<\/h3>\n<p><strong>Mat Pogo &amp; Ignaz Schick<\/strong> (D)<br \/>\n<a href=\"www.dampfzentrale.ch\"> Dampfzentrale<\/a> Saisoner\u00f6ffnung<br \/>\nKonzert<br \/>\nFr. 10.- (inkl. Haynes \/ Van Eck \/ Ploeger) &#8211; Tickets nur Abendkasse<\/p>\n<p>Gesamter Abend: Meg Stuart + Mat Pogo &amp; Ignaz Schick + Haynes\/Van Eck\/Ploeger<br \/>\nFr. 30.-\/25.- erm.<br \/>\n<a href=\"http:\/\/www.starticket.ch\/start.asp?EventID=169&amp;ShowID=44965&amp;ShowDetails=1\" target=\"_blank\">Kombitickets kaufen &gt;&gt;<\/a><\/p>\n<h3>weitere Spieldaten:<\/h3>\n<ul>\n<li><a href=\"http:\/\/www.dampfzentrale.ch\/de\/programm.html?show=0&amp;id=1832#e1831\" target=\"_self\">? Sa, 3. September 2011, 23:00<\/a><\/li>\n<\/ul>\n<p>&nbsp;<\/p>\n<p>Mat Pogo &amp; Ignaz Schick arbeiten seit Sommer 2009 im Duo zusammen. Ihre Musik ist sehr schnell, nahezu Cartoon-\u00e4hnlich und hochenergetisch. Pogo ist einer der interes san testen Vokal-Performer der j\u00fcngeren Ge neration. Er verk\u00f6rpert alle m\u00f6glichen vo kalen Kl\u00e4nge, von abstrakt bis konkret, von realer zu erfundener Pseudo-Sprache. Schick erweitert in seinen Live-Performances den Gebrauch des Plattenspielers, indem er fast ohne Platten sondern mit diversen Gegenst\u00e4nden spielt.<\/p>\n<p>Mat Pogo: Gesang, CD-Player.<br \/>\nIgnaz Schick: Plattenspieler, Objekte.<\/p>\n<p>&nbsp;<\/p>\n","protected":false},"excerpt":{"rendered":"<p>Fr, 2. September 2011, 23:00 Mat Pogo &amp; Ignaz Schick (D) Dampfzentrale Saisoner\u00f6ffnung Konzert Fr. 10.- (inkl. Haynes \/ Van Eck \/ Ploeger) &#8211; Tickets nur Abendkasse Gesamter Abend: Meg Stuart + Mat Pogo &amp; Ignaz Schick + Haynes\/Van Eck\/Ploeger Fr. 30.-\/25.- erm. Kombitickets kaufen &gt;&gt; weitere Spieldaten: ? Sa, 3. September 2011, 23:00 &nbsp; [&hellip;]<\/p>\n","protected":false},"author":4,"featured_media":0,"comment_status":"open","ping_status":"open","sticky":false,"template":"","format":"standard","meta":{"footnotes":""},"categories":[5,38],"tags":[668,78,1063],"_links":{"self":[{"href":"https:\/\/www.burpenterprise.com\/burp\/wp-json\/wp\/v2\/posts\/7864"}],"collection":[{"href":"https:\/\/www.burpenterprise.com\/burp\/wp-json\/wp\/v2\/posts"}],"about":[{"href":"https:\/\/www.burpenterprise.com\/burp\/wp-json\/wp\/v2\/types\/post"}],"author":[{"embeddable":true,"href":"https:\/\/www.burpenterprise.com\/burp\/wp-json\/wp\/v2\/users\/4"}],"replies":[{"embeddable":true,"href":"https:\/\/www.burpenterprise.com\/burp\/wp-json\/wp\/v2\/comments?post=7864"}],"version-history":[{"count":5,"href":"https:\/\/www.burpenterprise.com\/burp\/wp-json\/wp\/v2\/posts\/7864\/revisions"}],"predecessor-version":[{"id":7869,"href":"https:\/\/www.burpenterprise.com\/burp\/wp-json\/wp\/v2\/posts\/7864\/revisions\/7869"}],"wp:attachment":[{"href":"https:\/\/www.burpenterprise.com\/burp\/wp-json\/wp\/v2\/media?parent=7864"}],"wp:term":[{"taxonomy":"category","embeddable":true,"href":"https:\/\/www.burpenterprise.com\/burp\/wp-json\/wp\/v2\/categories?post=7864"},{"taxonomy":"post_tag","embeddable":true,"href":"https:\/\/www.burpenterprise.com\/burp\/wp-json\/wp\/v2\/tags?post=7864"}],"curies":[{"name":"wp","href":"https:\/\/api.w.org\/{rel}","templated":true}]}}