{"id":291,"date":"2007-10-02T04:04:07","date_gmt":"2007-10-02T03:04:07","guid":{"rendered":"http:\/\/www.cioccolatai.it\/burp\/2007\/10\/02\/komikazen-3\/"},"modified":"2007-10-02T04:15:10","modified_gmt":"2007-10-02T03:15:10","slug":"komikazen-3","status":"publish","type":"post","link":"https:\/\/www.burpenterprise.com\/burp\/2007\/10\/02\/komikazen-3\/","title":{"rendered":"KOMIKAZEN 3"},"content":{"rendered":"<p><a href=\"http:\/\/www.mirada.it\/komikazen\/\"><a href='https:\/\/www.burpenterprise.com\/burp\/files\/2007\/10\/komikazen.png' title='komikazen.png'><img src='https:\/\/www.burpenterprise.com\/burp\/files\/2007\/10\/komikazen.png' alt='komikazen.png' \/><\/a><a href=\"http:\/\/www.mirada.it\/komikazen\/\">KOMIKAZEN<\/a><\/a>: 3\u00b0 Festival Internazionale Del Fumetto Di Realt\u00e0. <\/p>\n<p>Cartografia dell&#8217;Europa a fumetti. A Ravenna, dal 12 al 13 ottobre 2007, gli autori europei pi\u00f9 importanti delle riviste e dei festivals underground. <\/p>\n<p>Si apre venerd\u00ec 12 ottobre con un workshop che vedr\u00e0 riuniti autori e organizzatori da tutta Europa il 3\u00b0 Festival internazionale del fumetto di realt\u00e0 &#8220;Komikazen&#8221;. L&#8217;incontro, che avr\u00e0 luogo all&#8217;Albergo Cappello di Ravenna, vedr\u00e0 la partecipazione non solo di autori di riviste storiche come &#8220;Strapazin&#8221; (Svizzera), &#8220;Babel&#8221; (Atene), &#8220;Glomp&#8221; (Finlandia), &#8220;Chili Com Carne&#8221; (Portogallo), ma anche le nuove autoproduzione dei nuovi paesi membri come la Romania, attiva sia sul piano dell&#8217;autoproduzione con la rivista &#8220;Hard Comics&#8221;, sia dei festivals. Per la prima volta in Italia saranno ospiti anche i giovanissimi autori di &#8220;Stripoteka&#8221;, un collettivo bosniaco con sede a Sarajevo. Sar\u00e0 una giornata importante per conoscere da vicino le storie e i progetti degli editors dei magazines europei, ma anche per mettere a punto una progettualit\u00e0 comune per il futuro (lo scambio di autori, di mostre, ecc.).<br \/>\n<a href=\"http:\/\/www.mirada.it\/komikazen\/\"><a href='https:\/\/www.burpenterprise.com\/burp\/files\/2007\/10\/komikazen.png' title='komikazen.png'><img src='https:\/\/www.burpenterprise.com\/burp\/files\/2007\/10\/komikazen.png' alt='komikazen.png' \/><\/a><\/a>La partecipazione alla giornata \u00e8 aperta al pubblico previa iscrizione.<br \/>\nIl Festival raggiunger\u00e0 il suo clou nella giornata di sabato 13 ottobre con l&#8217;apertura alle 11.00 della mostra collettiva &#8220;Cartografia dell&#8217;Europa a Fumetti&#8221; presso il Museo Nazionale di Ravenna. L&#8217;importante istituzione ravennate ospita una collettiva di circa cinquanta autori europei provenienti dalle riviste invitate. La mostra permette un viaggio virtuale nell&#8217;immaginario giovanile di un Europa che ha allargato i propri confini e che sembra a prima vista avere confini molto permeabili al transito delle storie e degli stili di fumetto. Alle 15.30 incontro con l&#8217;autore della biografia di Martin Luther King, Ho Che Anderson: l&#8217;autore canadese presenta il libro edito in Italia da Becco giallo in galleria Mirada ed espone le tavole originali alla Biblioteca Classense. Un&#8217;opera biografica magistrale, che segue da vicino le luci e le ombre del leader afroamericano, in un&#8217;epoca che sembra aver completamente dimenticato il laboratorio politico della lotta non violenta. Definita la Graphic Novel pi\u00f9 importante dopo Maus, \u00e8 sicuramente un libro che si muove ai confini del saggio politico, biografia ragionata e del romanzo. Alle 19 di sabato 13, continuano le inaugurazioni con la premiazione della selezione GAER (Giovani Artisti dell&#8217;Emilia Romagna) sezione fumetto 2007 presso lo spazio espositivo dell&#8217;Assessorato Politiche Giovanili. La commissione ha individuato in Marino Neri (Modena) e Leonardo Guardigli (Massa Lombarda &#8211; Ravenna) i giovani autori che vedranno i propri progetti trasformati in libro (editi rispettivamente da Kappa Edizioni e Centro Fumetto Andrea Pazienza), mentre in mostra ci saranno complessivamente dieci autori emiliano-romagnoli. Nello stesso spazio sar\u00e0 possibile visitare la mostra Honey Talks, realizzata dalla rivista slovena Stripburger e promossa dal Ministero della Cultura Sloveno. Un progetto che si muove tra fumetto e antropologia. Difatti, le tavole originali esposte sono ispirate ai pannelli decorati sulle arnie degli apicoltori sloveni. Hanno partecipato al progetto autori come Anke Feuchtenberger, Danijel Zezelj, Rutu Modan, Matthias Lehmann e molti altri. Inaugurazione allo scoccare della mezzanotte del collettivo marsigliese Le Dernier Cri presso la galleria Mirada con degustazione di assenzio e musica dal vivo realizzata dal gruppo. Gli stakanovisti del libro a tiratura limitata creano un caos feroce di estetica anomala. In mostra e in vendita le loro originali creazioni serigrafiche, proprio all&#8217;ultimo grido. Le iniziative del festival del 13 ottobre si intersecano con la programmazione della notte d&#8217;oro, organizzata dal Comune di Ravenna e dagli esercenti del Centro Storico: disegnatori saranno presenti in molti locali della citt\u00e0 per disegnare libri, con proiezioni e altre sorprese e Ravenna sar\u00e0 citt\u00e0 aperta fino alle prime luci dell&#8217;alba. Le mostre saranno aperte fino al 15 novembre 2007, fatta eccezione per la mostra dei Dernier Cri che chiuder\u00e0 il 6 novembre. A chiusura del festival, L&#8217;uomo cane suda olio &#8211; personale di Stefano Ricci che apre il 10 novembre a galleria Mirada. L&#8217;esposizione \u00e8 realizzata in occasione della permanenza a Ravenna di Ricci, ospite di Ravennateatro per un progetto all&#8217;interno del Teatro Rasi. <\/p>\n<p>Per le biografie e il dettaglio degli autori in mostra e degli ospiti: www.mirada.it\/komikazen Per informazioni: info@mirada.it tel. +39 0544 217359 oppure<a href=\"http:\/\/www.mirada.it\/komikazen\/\"> +39 346 4925633<\/p>\n<p><a href='https:\/\/www.burpenterprise.com\/burp\/files\/2007\/10\/komikazen.png' title='komikazen.png'><img src='https:\/\/www.burpenterprise.com\/burp\/files\/2007\/10\/komikazen.png' alt='komikazen.png' \/><\/a><\/a><br \/>\nOn Friday, the 12th of October, the <a href=\"http:\/\/www.mirada.it\/komikazen\/\">3rd International Festival of Reality Comics<\/a> will open with a workshop involving authors and promoters coming from all over Europe.<br \/>\nAuthors of well-known magazines like Strapazin (Switzerland), Babel (Athens), Glomp (Finland), Chili Com Carne (Portugal) and new self-productions coming from new members of the EU, like Romania, active with the magazine Hard Comics and with various festivals, will participate at the meeting at the Albergo Cappello in Ravenna. For the first time in Italy, there will be the young authors of Stripoteka, a Bosnian collective based in Sarajevo.<br \/>\nIt will be a very important day to closely get to know stories and projects of European Magazines editors and to organize a common plan for the future (authors exchange, exhibitions\u2026).<br \/>\nThe participation in the event is open to the public upon registration.<\/p>\n<p>The Festival highlight will be on Saturday the 13th of October, with the opening of the collective exhibition European Comics Cartography at the Museo Nazionale of Ravenna. This prestigious institution hosts an exhibit of about 50 European authors working in all the invited magazines. The exhibit opens up to a virtual journey, through the youth imaginary, in Europe, a country that widened its borders allowing the flow of comics\u2019 styles and stories.<br \/>\nAt 3.30 p.m. there will be the meeting with the author of \u201cMartin Luther King\u201d, Ho Che Anderson: this Canadian author will present the book, published in Italy with Becco giallo in the Mirada gallery, and will show his original plates at the Biblioteca Classense. A masterly biographical work, which closely follows the light and shade of the Afro-American leader and points out how everyone seems to have forgotten about the political lab of non-violent conflicts. Considered the most important Graphic Novel after Maus, it is a book that touches the boundaries of the political essay, the annotated biography and the novel.<\/p>\n<p>At 7 p.m. on Saturday the 13th, there will be the prize giving of the GAER (Giovani Artisti dell&#8217;Emilia Romagna) selection, comics\u2019 section 2007 in the exhibition room of the Assessorato Politiche Giovanili. The commission chose Marino Neri (Modena) and Leonardo Guardigli (Massa Lombarda &#8211; Ravenna) as the young authors whose works will be published (Kappa Edizioni and Centro Fumetto Andrea Pazienza).<br \/>\nOn show there will be 10 authors coming from Emilia Romagna. <\/p>\n<p>In the same room there will be the exhibition Honey Talks, organized by the Slovenian magazine Stripburger and promoted by the Slovenial Cultural Department. A work in between comics and anthropology. The decorated beehives of the Slovenian beekeepers inspire the original plates.<br \/>\nAnke Feuchtenberger, Danijel Zezelj, Rutu Modan, Matthias Lehmann and many others artists took part in the project.<\/p>\n<p>At midnight the collective from Marseilles Le Dernier Cri, will inaugurate at the Mirada gallery, with absinth tasting and live music. The Stakhanovites of limited edition books create a wild chaos of anomalous esthetic. On show and on sale their original serigraphies, the latest fashion.<\/p>\n<p><a href='https:\/\/www.burpenterprise.com\/burp\/files\/2007\/10\/komikazen.png' title='komikazen.png'><img src='https:\/\/www.burpenterprise.com\/burp\/files\/2007\/10\/komikazen.png' alt='komikazen.png' \/><\/a>The 13th of October festival events will intersect the Notte d\u2019Oro Festival, organized by the Ravenna Municipality and by the city centre shopkeepers.<br \/>\nArtists will go around town to draw books, show videos and surprises and Ravenna will be an open city until dawn.<\/p>\n<p>The exhibitions will stay open until the 15th of November, except for the Dernier Cri that will close the 6th of November.<\/p>\n<p>For the closing of the Festival \u201cL&#8217;uomo cane suda olio\u201d \u2013 personal exhibit by Stefano Ricci, opening the 10th of November at the Mirada gallery. Stefano Ricci is in Ravenna for a project with Ravennateatro.<\/p>\n<p>For biographies and information about the festival, the authors on show and guests contact:<br \/>\nwww.mirada.it\/komikazen<br \/>\ninfo@mirada.it tel. +39.0544 217359 or +39 346 4925633<br \/>\n<a href=\"http:\/\/www.mirada.it\/komikazen\/marino_neri.html\"><br \/>\n<img decoding=\"async\" src=\"http:\/\/www.mirada.it\/komikazen\/images\/concorso\/grandi\/NERI1.jpg\" alt=\"\" \/><\/a><br \/>\nclick the page to continue reading this strange superhero story by Marino Neri<\/p>\n","protected":false},"excerpt":{"rendered":"<p>KOMIKAZEN: 3\u00b0 Festival Internazionale Del Fumetto Di Realt\u00e0. Cartografia dell&#8217;Europa a fumetti. A Ravenna, dal 12 al 13 ottobre 2007, gli autori europei pi\u00f9 importanti delle riviste e dei festivals underground. Si apre venerd\u00ec 12 ottobre con un workshop che vedr\u00e0 riuniti autori e organizzatori da tutta Europa il 3\u00b0 Festival internazionale del fumetto di [&hellip;]<\/p>\n","protected":false},"author":4,"featured_media":0,"comment_status":"closed","ping_status":"closed","sticky":false,"template":"","format":"standard","meta":{"footnotes":""},"categories":[4,7],"tags":[],"_links":{"self":[{"href":"https:\/\/www.burpenterprise.com\/burp\/wp-json\/wp\/v2\/posts\/291"}],"collection":[{"href":"https:\/\/www.burpenterprise.com\/burp\/wp-json\/wp\/v2\/posts"}],"about":[{"href":"https:\/\/www.burpenterprise.com\/burp\/wp-json\/wp\/v2\/types\/post"}],"author":[{"embeddable":true,"href":"https:\/\/www.burpenterprise.com\/burp\/wp-json\/wp\/v2\/users\/4"}],"replies":[{"embeddable":true,"href":"https:\/\/www.burpenterprise.com\/burp\/wp-json\/wp\/v2\/comments?post=291"}],"version-history":[{"count":0,"href":"https:\/\/www.burpenterprise.com\/burp\/wp-json\/wp\/v2\/posts\/291\/revisions"}],"wp:attachment":[{"href":"https:\/\/www.burpenterprise.com\/burp\/wp-json\/wp\/v2\/media?parent=291"}],"wp:term":[{"taxonomy":"category","embeddable":true,"href":"https:\/\/www.burpenterprise.com\/burp\/wp-json\/wp\/v2\/categories?post=291"},{"taxonomy":"post_tag","embeddable":true,"href":"https:\/\/www.burpenterprise.com\/burp\/wp-json\/wp\/v2\/tags?post=291"}],"curies":[{"name":"wp","href":"https:\/\/api.w.org\/{rel}","templated":true}]}}